{"id":8118,"date":"2022-09-12T17:05:05","date_gmt":"2022-09-12T15:05:05","guid":{"rendered":"https:\/\/www.kbecan.com\/?p=8118"},"modified":"2025-02-03T14:54:05","modified_gmt":"2025-02-03T13:54:05","slug":"summer-time-in-dolomites-with-family-part-1","status":"publish","type":"post","link":"https:\/\/www.kbecan.com\/sl\/summer-time-in-dolomites-with-family-part-1\/","title":{"rendered":"Poletje v Dolomitih z dru\u017eino 1.del"},"content":{"rendered":"<h4 style=\"text-align: left;\">Aktivne po\u010ditnice v Dolomitih, plezanje in pohodni\u0161tvo<\/h4>\n<figure id=\"attachment_7312\" aria-describedby=\"caption-attachment-7312\" style=\"width: 550px\" class=\"wp-caption aligncenter\"><img loading=\"lazy\" decoding=\"async\" class=\"wp-image-7312 size-wcstandard\" src=\"https:\/\/www.kbecan.com\/wp-content\/uploads\/2022\/01\/Casso-village-Longarone-climbing-camp-550x367.jpg\" alt=\"Casso village in Italy.\" width=\"550\" height=\"367\" srcset=\"https:\/\/www.kbecan.com\/wp-content\/uploads\/2022\/01\/Casso-village-Longarone-climbing-camp-550x367.jpg 550w, https:\/\/www.kbecan.com\/wp-content\/uploads\/2022\/01\/Casso-village-Longarone-climbing-camp-300x200.jpg 300w, https:\/\/www.kbecan.com\/wp-content\/uploads\/2022\/01\/Casso-village-Longarone-climbing-camp-1024x682.jpg 1024w, https:\/\/www.kbecan.com\/wp-content\/uploads\/2022\/01\/Casso-village-Longarone-climbing-camp-768x512.jpg 768w, https:\/\/www.kbecan.com\/wp-content\/uploads\/2022\/01\/Casso-village-Longarone-climbing-camp-1536x1024.jpg 1536w, https:\/\/www.kbecan.com\/wp-content\/uploads\/2022\/01\/Casso-village-Longarone-climbing-camp-250x167.jpg 250w, https:\/\/www.kbecan.com\/wp-content\/uploads\/2022\/01\/Casso-village-Longarone-climbing-camp-800x533.jpg 800w, https:\/\/www.kbecan.com\/wp-content\/uploads\/2022\/01\/Casso-village-Longarone-climbing-camp-270x180.jpg 270w, https:\/\/www.kbecan.com\/wp-content\/uploads\/2022\/01\/Casso-village-Longarone-climbing-camp-450x300.jpg 450w, https:\/\/www.kbecan.com\/wp-content\/uploads\/2022\/01\/Casso-village-Longarone-climbing-camp-750x500.jpg 750w, https:\/\/www.kbecan.com\/wp-content\/uploads\/2022\/01\/Casso-village-Longarone-climbing-camp-600x400.jpg 600w, https:\/\/www.kbecan.com\/wp-content\/uploads\/2022\/01\/Casso-village-Longarone-climbing-camp-272x182.jpg 272w, https:\/\/www.kbecan.com\/wp-content\/uploads\/2022\/01\/Casso-village-Longarone-climbing-camp.jpg 2000w\" sizes=\"auto, (max-width: 550px) 100vw, 550px\" \/><figcaption id=\"caption-attachment-7312\" class=\"wp-caption-text\">Vasica Casso, nad plezali\u0161\u010dem Erto.<\/figcaption><\/figure>\n<p>Regionalni parki, kot je nacionalni park Dolomiti Bellunesi, se nahajajo v Dolomitih. Dolomiti so razgla\u0161eni za Unescov seznam svetovne dedi\u0161\u010dine.<\/p>\n<p><!--more--><\/p>\n<h4>Kje in kdaj obiskati Dolomite?<\/h4>\n<p style=\"text-align: left;\">Odgovor je preprost, kadar koli. Samo vedeti morate, kaj \u017eelite po\u010deti. Zima je misti\u010dna s svojo sne\u017eno in mirno lepoto, potem je pomlad, ko se narava prebuja, poleti je super biti v vi\u0161jih gorah in se nau\u017eiti sve\u017eega zraka, jeseni pa se narava umiri. Letos smo Dolomite obiskali pozno spomladi in poleti. \u010ce govorimo o Dolomitih, ni samo Cortina de Ampezzo, ampak tudi druge gore in doline. Dolomiti se nahajajo v regijah Veneto, Trentino-Alto Adige\/Sudtirol in Furlanija Julijska krajina in obsegajo obmo\u010dje med provincami Belluno, Vicenza, Verona, Trentino, Ju\u017ena Tirolska, Videm in Pordenone. Tako je bil na\u0161 prvi postanek v pokrajini Belluno, ki smo jo odkrili pred dvema letoma.\u00a0 Po Bellunu sva plezala na Ju\u017enem Tirolskem. Druge regije, ki jih bomo raziskovali v naslednjih letih.\u00a0<sup id=\"cite_ref-2\" class=\"reference\"><\/sup><\/p>\n<figure id=\"attachment_7757\" aria-describedby=\"caption-attachment-7757\" style=\"width: 317px\" class=\"wp-caption alignleft\"><img loading=\"lazy\" decoding=\"async\" class=\"wp-image-7757\" src=\"https:\/\/www.kbecan.com\/wp-content\/uploads\/2022\/01\/Dolomiti-Bellunesi-climbing-adventure-20-300x200.jpg\" alt=\"\" width=\"317\" height=\"211\" srcset=\"https:\/\/www.kbecan.com\/wp-content\/uploads\/2022\/01\/Dolomiti-Bellunesi-climbing-adventure-20-300x200.jpg 300w, https:\/\/www.kbecan.com\/wp-content\/uploads\/2022\/01\/Dolomiti-Bellunesi-climbing-adventure-20-1024x683.jpg 1024w, https:\/\/www.kbecan.com\/wp-content\/uploads\/2022\/01\/Dolomiti-Bellunesi-climbing-adventure-20-768x512.jpg 768w, https:\/\/www.kbecan.com\/wp-content\/uploads\/2022\/01\/Dolomiti-Bellunesi-climbing-adventure-20-1536x1024.jpg 1536w, https:\/\/www.kbecan.com\/wp-content\/uploads\/2022\/01\/Dolomiti-Bellunesi-climbing-adventure-20-250x167.jpg 250w, https:\/\/www.kbecan.com\/wp-content\/uploads\/2022\/01\/Dolomiti-Bellunesi-climbing-adventure-20-550x367.jpg 550w, https:\/\/www.kbecan.com\/wp-content\/uploads\/2022\/01\/Dolomiti-Bellunesi-climbing-adventure-20-800x534.jpg 800w, https:\/\/www.kbecan.com\/wp-content\/uploads\/2022\/01\/Dolomiti-Bellunesi-climbing-adventure-20-270x180.jpg 270w, https:\/\/www.kbecan.com\/wp-content\/uploads\/2022\/01\/Dolomiti-Bellunesi-climbing-adventure-20-450x300.jpg 450w, https:\/\/www.kbecan.com\/wp-content\/uploads\/2022\/01\/Dolomiti-Bellunesi-climbing-adventure-20-750x500.jpg 750w, https:\/\/www.kbecan.com\/wp-content\/uploads\/2022\/01\/Dolomiti-Bellunesi-climbing-adventure-20-600x400.jpg 600w, https:\/\/www.kbecan.com\/wp-content\/uploads\/2022\/01\/Dolomiti-Bellunesi-climbing-adventure-20-272x182.jpg 272w, https:\/\/www.kbecan.com\/wp-content\/uploads\/2022\/01\/Dolomiti-Bellunesi-climbing-adventure-20.jpg 1600w\" sizes=\"auto, (max-width: 317px) 100vw, 317px\" \/><figcaption id=\"caption-attachment-7757\" class=\"wp-caption-text\">Jezero Santa Croce za kopanje in sprostitev.<\/figcaption><\/figure>\n<p><img loading=\"lazy\" decoding=\"async\" class=\"alignnone wp-image-7918\" src=\"https:\/\/www.kbecan.com\/wp-content\/uploads\/2022\/09\/cow-in-mountains-300x225.jpg\" alt=\"Cow in mountains of the herat of the Dolomites.\" width=\"284\" height=\"213\" srcset=\"https:\/\/www.kbecan.com\/wp-content\/uploads\/2022\/09\/cow-in-mountains-300x225.jpg 300w, https:\/\/www.kbecan.com\/wp-content\/uploads\/2022\/09\/cow-in-mountains-1024x768.jpg 1024w, https:\/\/www.kbecan.com\/wp-content\/uploads\/2022\/09\/cow-in-mountains-768x576.jpg 768w, https:\/\/www.kbecan.com\/wp-content\/uploads\/2022\/09\/cow-in-mountains-1536x1152.jpg 1536w, https:\/\/www.kbecan.com\/wp-content\/uploads\/2022\/09\/cow-in-mountains-250x188.jpg 250w, https:\/\/www.kbecan.com\/wp-content\/uploads\/2022\/09\/cow-in-mountains-550x413.jpg 550w, https:\/\/www.kbecan.com\/wp-content\/uploads\/2022\/09\/cow-in-mountains-800x600.jpg 800w, https:\/\/www.kbecan.com\/wp-content\/uploads\/2022\/09\/cow-in-mountains-240x180.jpg 240w, https:\/\/www.kbecan.com\/wp-content\/uploads\/2022\/09\/cow-in-mountains-400x300.jpg 400w, https:\/\/www.kbecan.com\/wp-content\/uploads\/2022\/09\/cow-in-mountains-667x500.jpg 667w, https:\/\/www.kbecan.com\/wp-content\/uploads\/2022\/09\/cow-in-mountains-600x450.jpg 600w, https:\/\/www.kbecan.com\/wp-content\/uploads\/2022\/09\/cow-in-mountains.jpg 2000w\" sizes=\"auto, (max-width: 284px) 100vw, 284px\" \/><\/p>\n<p>&nbsp;<\/p>\n<h5>Plezanje v provinci Belluno<\/h5>\n<ul>\n<li>\n<h6>Plezanje v Dolomitih Bellunesi<\/h6>\n<\/li>\n<\/ul>\n<p>Na\u0161a izbira regije Belluno je temeljila na na\u0161em kratkem \u010dasu za potovanje od doma iz Slovenije. Le 2 uri in pol vo\u017enje od doma smo v pokrajini Belluno, kjer se Dolomiti dvigajo iz reke Piave. Regija Belluno ima veliko dolin, gora, rek in majhnih plezali\u0161\u010d v gozdu.<\/p>\n<p><img loading=\"lazy\" decoding=\"async\" class=\"alignnone size-medium wp-image-8093\" src=\"https:\/\/www.kbecan.com\/wp-content\/uploads\/2022\/09\/20210913_131203-300x146.jpg\" alt=\"\" width=\"300\" height=\"146\" srcset=\"https:\/\/www.kbecan.com\/wp-content\/uploads\/2022\/09\/20210913_131203-300x146.jpg 300w, https:\/\/www.kbecan.com\/wp-content\/uploads\/2022\/09\/20210913_131203-1024x498.jpg 1024w, https:\/\/www.kbecan.com\/wp-content\/uploads\/2022\/09\/20210913_131203-768x373.jpg 768w, https:\/\/www.kbecan.com\/wp-content\/uploads\/2022\/09\/20210913_131203-1536x746.jpg 1536w, https:\/\/www.kbecan.com\/wp-content\/uploads\/2022\/09\/20210913_131203-2048x995.jpg 2048w, https:\/\/www.kbecan.com\/wp-content\/uploads\/2022\/09\/20210913_131203-250x121.jpg 250w, https:\/\/www.kbecan.com\/wp-content\/uploads\/2022\/09\/20210913_131203-550x267.jpg 550w, https:\/\/www.kbecan.com\/wp-content\/uploads\/2022\/09\/20210913_131203-800x389.jpg 800w, https:\/\/www.kbecan.com\/wp-content\/uploads\/2022\/09\/20210913_131203-370x180.jpg 370w, https:\/\/www.kbecan.com\/wp-content\/uploads\/2022\/09\/20210913_131203-617x300.jpg 617w, https:\/\/www.kbecan.com\/wp-content\/uploads\/2022\/09\/20210913_131203-1029x500.jpg 1029w, https:\/\/www.kbecan.com\/wp-content\/uploads\/2022\/09\/20210913_131203-600x292.jpg 600w\" sizes=\"auto, (max-width: 300px) 100vw, 300px\" \/> <img loading=\"lazy\" decoding=\"async\" class=\"alignnone size-medium wp-image-8085\" src=\"https:\/\/www.kbecan.com\/wp-content\/uploads\/2022\/09\/20210908_151838-300x146.jpg\" alt=\"\" width=\"300\" height=\"146\" srcset=\"https:\/\/www.kbecan.com\/wp-content\/uploads\/2022\/09\/20210908_151838-300x146.jpg 300w, https:\/\/www.kbecan.com\/wp-content\/uploads\/2022\/09\/20210908_151838-1024x498.jpg 1024w, https:\/\/www.kbecan.com\/wp-content\/uploads\/2022\/09\/20210908_151838-768x373.jpg 768w, https:\/\/www.kbecan.com\/wp-content\/uploads\/2022\/09\/20210908_151838-1536x746.jpg 1536w, https:\/\/www.kbecan.com\/wp-content\/uploads\/2022\/09\/20210908_151838-2048x995.jpg 2048w, https:\/\/www.kbecan.com\/wp-content\/uploads\/2022\/09\/20210908_151838-250x121.jpg 250w, https:\/\/www.kbecan.com\/wp-content\/uploads\/2022\/09\/20210908_151838-550x267.jpg 550w, https:\/\/www.kbecan.com\/wp-content\/uploads\/2022\/09\/20210908_151838-800x389.jpg 800w, https:\/\/www.kbecan.com\/wp-content\/uploads\/2022\/09\/20210908_151838-370x180.jpg 370w, https:\/\/www.kbecan.com\/wp-content\/uploads\/2022\/09\/20210908_151838-617x300.jpg 617w, https:\/\/www.kbecan.com\/wp-content\/uploads\/2022\/09\/20210908_151838-1029x500.jpg 1029w, https:\/\/www.kbecan.com\/wp-content\/uploads\/2022\/09\/20210908_151838-600x292.jpg 600w\" sizes=\"auto, (max-width: 300px) 100vw, 300px\" \/><\/p>\n<figure id=\"attachment_7960\" aria-describedby=\"caption-attachment-7960\" style=\"width: 300px\" class=\"wp-caption alignleft\"><img loading=\"lazy\" decoding=\"async\" class=\"wp-image-7960 size-medium\" src=\"https:\/\/www.kbecan.com\/wp-content\/uploads\/2022\/09\/Dolomiti-Bellunesi-climbing-adventure-1-300x200.jpg\" alt=\"\" width=\"300\" height=\"200\" srcset=\"https:\/\/www.kbecan.com\/wp-content\/uploads\/2022\/09\/Dolomiti-Bellunesi-climbing-adventure-1-300x200.jpg 300w, https:\/\/www.kbecan.com\/wp-content\/uploads\/2022\/09\/Dolomiti-Bellunesi-climbing-adventure-1-1024x683.jpg 1024w, https:\/\/www.kbecan.com\/wp-content\/uploads\/2022\/09\/Dolomiti-Bellunesi-climbing-adventure-1-768x512.jpg 768w, https:\/\/www.kbecan.com\/wp-content\/uploads\/2022\/09\/Dolomiti-Bellunesi-climbing-adventure-1-1536x1024.jpg 1536w, https:\/\/www.kbecan.com\/wp-content\/uploads\/2022\/09\/Dolomiti-Bellunesi-climbing-adventure-1-250x167.jpg 250w, https:\/\/www.kbecan.com\/wp-content\/uploads\/2022\/09\/Dolomiti-Bellunesi-climbing-adventure-1-550x367.jpg 550w, https:\/\/www.kbecan.com\/wp-content\/uploads\/2022\/09\/Dolomiti-Bellunesi-climbing-adventure-1-800x534.jpg 800w, https:\/\/www.kbecan.com\/wp-content\/uploads\/2022\/09\/Dolomiti-Bellunesi-climbing-adventure-1-270x180.jpg 270w, https:\/\/www.kbecan.com\/wp-content\/uploads\/2022\/09\/Dolomiti-Bellunesi-climbing-adventure-1-450x300.jpg 450w, https:\/\/www.kbecan.com\/wp-content\/uploads\/2022\/09\/Dolomiti-Bellunesi-climbing-adventure-1-750x500.jpg 750w, https:\/\/www.kbecan.com\/wp-content\/uploads\/2022\/09\/Dolomiti-Bellunesi-climbing-adventure-1-600x400.jpg 600w, https:\/\/www.kbecan.com\/wp-content\/uploads\/2022\/09\/Dolomiti-Bellunesi-climbing-adventure-1-272x182.jpg 272w, https:\/\/www.kbecan.com\/wp-content\/uploads\/2022\/09\/Dolomiti-Bellunesi-climbing-adventure-1.jpg 1600w\" sizes=\"auto, (max-width: 300px) 100vw, 300px\" \/><figcaption id=\"caption-attachment-7960\" class=\"wp-caption-text\">Jezero Mis.<\/figcaption><\/figure>\n<p>Ta plezali\u0161\u010da imajo zelo lepe smeri, za vsakega se nekaj najde. Vrsta kamnine je ve\u010dinoma apnenec in vsaka skala ima svojo posebnost. Plezali\u0161\u010de <strong>Erto<\/strong> je ena najbolj znanih in zgodovinskih sten na svetu s super previsno oran\u017eno skalo, ob strani \u02ddVelikega sektorja\u02dd pa je veliko lahkih smeri na trdni sivi skali \u02dd.<\/p>\n<figure id=\"attachment_7188\" aria-describedby=\"caption-attachment-7188\" style=\"width: 300px\" class=\"wp-caption alignright\"><img loading=\"lazy\" decoding=\"async\" class=\"wp-image-7188 size-medium\" src=\"https:\/\/www.kbecan.com\/wp-content\/uploads\/2022\/01\/belluno_climbing-4_resize-300x200.jpg\" alt=\"Climbing in Erto, Bellunoi.\" width=\"300\" height=\"200\" srcset=\"https:\/\/www.kbecan.com\/wp-content\/uploads\/2022\/01\/belluno_climbing-4_resize-300x200.jpg 300w, https:\/\/www.kbecan.com\/wp-content\/uploads\/2022\/01\/belluno_climbing-4_resize-1024x682.jpg 1024w, https:\/\/www.kbecan.com\/wp-content\/uploads\/2022\/01\/belluno_climbing-4_resize-768x512.jpg 768w, https:\/\/www.kbecan.com\/wp-content\/uploads\/2022\/01\/belluno_climbing-4_resize-1536x1024.jpg 1536w, https:\/\/www.kbecan.com\/wp-content\/uploads\/2022\/01\/belluno_climbing-4_resize-250x167.jpg 250w, https:\/\/www.kbecan.com\/wp-content\/uploads\/2022\/01\/belluno_climbing-4_resize-550x367.jpg 550w, https:\/\/www.kbecan.com\/wp-content\/uploads\/2022\/01\/belluno_climbing-4_resize-800x533.jpg 800w, https:\/\/www.kbecan.com\/wp-content\/uploads\/2022\/01\/belluno_climbing-4_resize-270x180.jpg 270w, https:\/\/www.kbecan.com\/wp-content\/uploads\/2022\/01\/belluno_climbing-4_resize-450x300.jpg 450w, https:\/\/www.kbecan.com\/wp-content\/uploads\/2022\/01\/belluno_climbing-4_resize-750x500.jpg 750w, https:\/\/www.kbecan.com\/wp-content\/uploads\/2022\/01\/belluno_climbing-4_resize-600x400.jpg 600w, https:\/\/www.kbecan.com\/wp-content\/uploads\/2022\/01\/belluno_climbing-4_resize-272x182.jpg 272w, https:\/\/www.kbecan.com\/wp-content\/uploads\/2022\/01\/belluno_climbing-4_resize.jpg 2000w\" sizes=\"auto, (max-width: 300px) 100vw, 300px\" \/><figcaption id=\"caption-attachment-7188\" class=\"wp-caption-text\">Erto, \u02ddNo big\u02dd sector na desni.<\/figcaption><\/figure>\n<p>Najve\u010dje plezali\u0161\u010de je <strong>Casso<\/strong>, ki je nad Ertom. Stena gleda na glavno cesto proti Cortini. V Casso je dobro iti zjutraj, ko je v senci. Pristop je po ravnem zelo prijeten, v 20 minutah pridete v prvi sektor. Plezanje v Cassu je zelo dobro, predvsem po sivi skali, z razli\u010dnimi slogi, od strmih streh z lehnjaki do navpi\u010dnih plezalnih smeri.<\/p>\n<figure id=\"attachment_7985\" aria-describedby=\"caption-attachment-7985\" style=\"width: 300px\" class=\"wp-caption alignright\"><img loading=\"lazy\" decoding=\"async\" class=\"wp-image-7985 size-medium\" src=\"https:\/\/www.kbecan.com\/wp-content\/uploads\/2022\/09\/podenzoi-climbing-summer-300x200.jpg\" alt=\"\" width=\"300\" height=\"200\" srcset=\"https:\/\/www.kbecan.com\/wp-content\/uploads\/2022\/09\/podenzoi-climbing-summer-300x200.jpg 300w, https:\/\/www.kbecan.com\/wp-content\/uploads\/2022\/09\/podenzoi-climbing-summer-1024x683.jpg 1024w, https:\/\/www.kbecan.com\/wp-content\/uploads\/2022\/09\/podenzoi-climbing-summer-768x512.jpg 768w, https:\/\/www.kbecan.com\/wp-content\/uploads\/2022\/09\/podenzoi-climbing-summer-1536x1024.jpg 1536w, https:\/\/www.kbecan.com\/wp-content\/uploads\/2022\/09\/podenzoi-climbing-summer-250x167.jpg 250w, https:\/\/www.kbecan.com\/wp-content\/uploads\/2022\/09\/podenzoi-climbing-summer-550x367.jpg 550w, https:\/\/www.kbecan.com\/wp-content\/uploads\/2022\/09\/podenzoi-climbing-summer-800x533.jpg 800w, https:\/\/www.kbecan.com\/wp-content\/uploads\/2022\/09\/podenzoi-climbing-summer-270x180.jpg 270w, https:\/\/www.kbecan.com\/wp-content\/uploads\/2022\/09\/podenzoi-climbing-summer-450x300.jpg 450w, https:\/\/www.kbecan.com\/wp-content\/uploads\/2022\/09\/podenzoi-climbing-summer-750x500.jpg 750w, https:\/\/www.kbecan.com\/wp-content\/uploads\/2022\/09\/podenzoi-climbing-summer-600x400.jpg 600w, https:\/\/www.kbecan.com\/wp-content\/uploads\/2022\/09\/podenzoi-climbing-summer-272x182.jpg 272w, https:\/\/www.kbecan.com\/wp-content\/uploads\/2022\/09\/podenzoi-climbing-summer.jpg 1999w\" sizes=\"auto, (max-width: 300px) 100vw, 300px\" \/><figcaption id=\"caption-attachment-7985\" class=\"wp-caption-text\">Plezali\u0161\u010de Podenzoi.<\/figcaption><\/figure>\n<figure id=\"attachment_7969\" aria-describedby=\"caption-attachment-7969\" style=\"width: 169px\" class=\"wp-caption alignnone\"><img loading=\"lazy\" decoding=\"async\" class=\"wp-image-7969 size-medium\" src=\"https:\/\/www.kbecan.com\/wp-content\/uploads\/2022\/09\/20220606_174420-169x300.jpg\" alt=\"\" width=\"169\" height=\"300\" \/><figcaption id=\"caption-attachment-7969\" class=\"wp-caption-text\">Plezali\u0161\u010de Podenzoi s te\u017ejimi smermi.<\/figcaption><\/figure>\n<p>Na nasprotni strani\u00a0 Cassa je plezali\u0161\u010de <strong>Podenzoi<\/strong>, ki je dobra plezalna stena za vzdr\u017eljivce, kot smo mi. Zjutraj smo zelo lahkotni, zato so popoldanske stene kot nala\u0161\u010d za nas. Ta skala je naravnost popolna zame, kjer lahko plezam po odli\u010dni trdni skali s super lepimi ogrevalnimi smermi, kot sta 6a in 6b,\u00a0 nato poskusi\u0161 zelo lepe zahtevne smeri na rahlih previsih s &#8220;\u0161alcami&#8221;, tehni\u010dnim plezanjem in lehnjakom. Prav neverjetno je plezati tukaj. V vsaki smeri morate plezati predano. Enostavnega ocenjevanja ni. Ampak to ni pomembno. Najlep\u0161e je u\u017eivati. :=)<\/p>\n<figure id=\"attachment_7232\" aria-describedby=\"caption-attachment-7232\" style=\"width: 300px\" class=\"wp-caption alignleft\"><img loading=\"lazy\" decoding=\"async\" class=\"wp-image-7232 size-medium\" src=\"https:\/\/www.kbecan.com\/wp-content\/uploads\/2022\/01\/climbing-erto-belluno-dolomiti-300x200.jpg\" alt=\"\" width=\"300\" height=\"200\" srcset=\"https:\/\/www.kbecan.com\/wp-content\/uploads\/2022\/01\/climbing-erto-belluno-dolomiti-300x200.jpg 300w, https:\/\/www.kbecan.com\/wp-content\/uploads\/2022\/01\/climbing-erto-belluno-dolomiti-1024x683.jpg 1024w, https:\/\/www.kbecan.com\/wp-content\/uploads\/2022\/01\/climbing-erto-belluno-dolomiti-768x512.jpg 768w, https:\/\/www.kbecan.com\/wp-content\/uploads\/2022\/01\/climbing-erto-belluno-dolomiti-1536x1024.jpg 1536w, https:\/\/www.kbecan.com\/wp-content\/uploads\/2022\/01\/climbing-erto-belluno-dolomiti-250x167.jpg 250w, https:\/\/www.kbecan.com\/wp-content\/uploads\/2022\/01\/climbing-erto-belluno-dolomiti-550x367.jpg 550w, https:\/\/www.kbecan.com\/wp-content\/uploads\/2022\/01\/climbing-erto-belluno-dolomiti-800x534.jpg 800w, https:\/\/www.kbecan.com\/wp-content\/uploads\/2022\/01\/climbing-erto-belluno-dolomiti-270x180.jpg 270w, https:\/\/www.kbecan.com\/wp-content\/uploads\/2022\/01\/climbing-erto-belluno-dolomiti-450x300.jpg 450w, https:\/\/www.kbecan.com\/wp-content\/uploads\/2022\/01\/climbing-erto-belluno-dolomiti-750x500.jpg 750w, https:\/\/www.kbecan.com\/wp-content\/uploads\/2022\/01\/climbing-erto-belluno-dolomiti-600x400.jpg 600w, https:\/\/www.kbecan.com\/wp-content\/uploads\/2022\/01\/climbing-erto-belluno-dolomiti-272x182.jpg 272w, https:\/\/www.kbecan.com\/wp-content\/uploads\/2022\/01\/climbing-erto-belluno-dolomiti.jpg 1600w\" sizes=\"auto, (max-width: 300px) 100vw, 300px\" \/><figcaption id=\"caption-attachment-7232\" class=\"wp-caption-text\">Plezali\u0161\u010de Erto, \u02ddBig sector\u02dd s starimi klasi\u010dnimi te\u017ekimi smermi.<\/figcaption><\/figure>\n<figure id=\"attachment_7989\" aria-describedby=\"caption-attachment-7989\" style=\"width: 300px\" class=\"wp-caption alignleft\"><img loading=\"lazy\" decoding=\"async\" class=\"wp-image-7989 size-medium\" src=\"https:\/\/www.kbecan.com\/wp-content\/uploads\/2022\/09\/Dolomiti-Bellunesi-climbing-adventure-10-2-300x200.jpg\" alt=\"\" width=\"300\" height=\"200\" srcset=\"https:\/\/www.kbecan.com\/wp-content\/uploads\/2022\/09\/Dolomiti-Bellunesi-climbing-adventure-10-2-300x200.jpg 300w, https:\/\/www.kbecan.com\/wp-content\/uploads\/2022\/09\/Dolomiti-Bellunesi-climbing-adventure-10-2-1024x683.jpg 1024w, https:\/\/www.kbecan.com\/wp-content\/uploads\/2022\/09\/Dolomiti-Bellunesi-climbing-adventure-10-2-768x512.jpg 768w, https:\/\/www.kbecan.com\/wp-content\/uploads\/2022\/09\/Dolomiti-Bellunesi-climbing-adventure-10-2-1536x1025.jpg 1536w, https:\/\/www.kbecan.com\/wp-content\/uploads\/2022\/09\/Dolomiti-Bellunesi-climbing-adventure-10-2-250x167.jpg 250w, https:\/\/www.kbecan.com\/wp-content\/uploads\/2022\/09\/Dolomiti-Bellunesi-climbing-adventure-10-2-550x367.jpg 550w, https:\/\/www.kbecan.com\/wp-content\/uploads\/2022\/09\/Dolomiti-Bellunesi-climbing-adventure-10-2-800x534.jpg 800w, https:\/\/www.kbecan.com\/wp-content\/uploads\/2022\/09\/Dolomiti-Bellunesi-climbing-adventure-10-2-270x180.jpg 270w, https:\/\/www.kbecan.com\/wp-content\/uploads\/2022\/09\/Dolomiti-Bellunesi-climbing-adventure-10-2-450x300.jpg 450w, https:\/\/www.kbecan.com\/wp-content\/uploads\/2022\/09\/Dolomiti-Bellunesi-climbing-adventure-10-2-750x500.jpg 750w, https:\/\/www.kbecan.com\/wp-content\/uploads\/2022\/09\/Dolomiti-Bellunesi-climbing-adventure-10-2-600x400.jpg 600w, https:\/\/www.kbecan.com\/wp-content\/uploads\/2022\/09\/Dolomiti-Bellunesi-climbing-adventure-10-2-272x182.jpg 272w, https:\/\/www.kbecan.com\/wp-content\/uploads\/2022\/09\/Dolomiti-Bellunesi-climbing-adventure-10-2.jpg 2000w\" sizes=\"auto, (max-width: 300px) 100vw, 300px\" \/><figcaption id=\"caption-attachment-7989\" class=\"wp-caption-text\">Gallina z osve\u017eilno reko pod steno.<\/figcaption><\/figure>\n<p>&nbsp;<\/p>\n<p>&nbsp;<\/p>\n<p>&nbsp;<\/p>\n<p>&nbsp;<\/p>\n<p>&nbsp;<\/p>\n<p>&nbsp;<\/p>\n<p>&nbsp;<\/p>\n<p><strong>Podenzoi<\/strong> se nahaja poleg vasi Longarone, kjer lahko najdete dobro picerijo in sladoled.\u00a0 Na zelo vro\u010d poletni dan smo se odpravili v plezali\u0161\u010de Mae, ki le\u017ei ob reki. Ta Mae ima samo 7 smeri z intenzivnim plezanjem in je popolna za plezanje in plavanje na mestu. Pristop je nekoliko strm, vendar se spla\u010da obiskati ta kraj. \u010ce ste nekako obti\u010dali v vasi Longarone, je majhna skala, imenovana <strong>Malcolm<\/strong>. Sredi Longaroneja, kjer lahko poskusi\u0161 nekaj srednje te\u017ekih in te\u017ekih smeri. Okoli vasi Longarone je nekaj plezali\u0161\u010d in je dobro izhodi\u0161\u010de za plezanje in pohodni\u0161tvo.<\/p>\n<figure id=\"attachment_7751\" aria-describedby=\"caption-attachment-7751\" style=\"width: 300px\" class=\"wp-caption alignleft\"><img loading=\"lazy\" decoding=\"async\" class=\"wp-image-7751 size-medium\" src=\"https:\/\/www.kbecan.com\/wp-content\/uploads\/2022\/01\/Dolomiti-Bellunesi-climbing-adventure-17-300x200.jpg\" alt=\"\" width=\"300\" height=\"200\" srcset=\"https:\/\/www.kbecan.com\/wp-content\/uploads\/2022\/01\/Dolomiti-Bellunesi-climbing-adventure-17-300x200.jpg 300w, https:\/\/www.kbecan.com\/wp-content\/uploads\/2022\/01\/Dolomiti-Bellunesi-climbing-adventure-17-1024x683.jpg 1024w, https:\/\/www.kbecan.com\/wp-content\/uploads\/2022\/01\/Dolomiti-Bellunesi-climbing-adventure-17-768x512.jpg 768w, https:\/\/www.kbecan.com\/wp-content\/uploads\/2022\/01\/Dolomiti-Bellunesi-climbing-adventure-17-1536x1024.jpg 1536w, https:\/\/www.kbecan.com\/wp-content\/uploads\/2022\/01\/Dolomiti-Bellunesi-climbing-adventure-17-250x167.jpg 250w, https:\/\/www.kbecan.com\/wp-content\/uploads\/2022\/01\/Dolomiti-Bellunesi-climbing-adventure-17-550x367.jpg 550w, https:\/\/www.kbecan.com\/wp-content\/uploads\/2022\/01\/Dolomiti-Bellunesi-climbing-adventure-17-800x534.jpg 800w, https:\/\/www.kbecan.com\/wp-content\/uploads\/2022\/01\/Dolomiti-Bellunesi-climbing-adventure-17-270x180.jpg 270w, https:\/\/www.kbecan.com\/wp-content\/uploads\/2022\/01\/Dolomiti-Bellunesi-climbing-adventure-17-450x300.jpg 450w, https:\/\/www.kbecan.com\/wp-content\/uploads\/2022\/01\/Dolomiti-Bellunesi-climbing-adventure-17-750x500.jpg 750w, https:\/\/www.kbecan.com\/wp-content\/uploads\/2022\/01\/Dolomiti-Bellunesi-climbing-adventure-17-600x400.jpg 600w, https:\/\/www.kbecan.com\/wp-content\/uploads\/2022\/01\/Dolomiti-Bellunesi-climbing-adventure-17-272x182.jpg 272w, https:\/\/www.kbecan.com\/wp-content\/uploads\/2022\/01\/Dolomiti-Bellunesi-climbing-adventure-17.jpg 1600w\" sizes=\"auto, (max-width: 300px) 100vw, 300px\" \/><figcaption id=\"caption-attachment-7751\" class=\"wp-caption-text\">Magi\u010dni gozd blizu Erta.<\/figcaption><\/figure>\n<p>&nbsp;<\/p>\n<figure id=\"attachment_8083\" aria-describedby=\"caption-attachment-8083\" style=\"width: 300px\" class=\"wp-caption alignleft\"><img loading=\"lazy\" decoding=\"async\" class=\"wp-image-8083 size-medium\" src=\"https:\/\/www.kbecan.com\/wp-content\/uploads\/2022\/09\/Mae-sector-bellunesi-300x229.jpg\" alt=\"\" width=\"300\" height=\"229\" srcset=\"https:\/\/www.kbecan.com\/wp-content\/uploads\/2022\/09\/Mae-sector-bellunesi-300x229.jpg 300w, https:\/\/www.kbecan.com\/wp-content\/uploads\/2022\/09\/Mae-sector-bellunesi-768x586.jpg 768w, https:\/\/www.kbecan.com\/wp-content\/uploads\/2022\/09\/Mae-sector-bellunesi-250x191.jpg 250w, https:\/\/www.kbecan.com\/wp-content\/uploads\/2022\/09\/Mae-sector-bellunesi-550x420.jpg 550w, https:\/\/www.kbecan.com\/wp-content\/uploads\/2022\/09\/Mae-sector-bellunesi-800x610.jpg 800w, https:\/\/www.kbecan.com\/wp-content\/uploads\/2022\/09\/Mae-sector-bellunesi-236x180.jpg 236w, https:\/\/www.kbecan.com\/wp-content\/uploads\/2022\/09\/Mae-sector-bellunesi-393x300.jpg 393w, https:\/\/www.kbecan.com\/wp-content\/uploads\/2022\/09\/Mae-sector-bellunesi-656x500.jpg 656w, https:\/\/www.kbecan.com\/wp-content\/uploads\/2022\/09\/Mae-sector-bellunesi-600x458.jpg 600w, https:\/\/www.kbecan.com\/wp-content\/uploads\/2022\/09\/Mae-sector-bellunesi.jpg 1020w\" sizes=\"auto, (max-width: 300px) 100vw, 300px\" \/><figcaption id=\"caption-attachment-8083\" class=\"wp-caption-text\">Plezali\u0161\u010de Mae.<\/figcaption><\/figure>\n<p>&nbsp;<\/p>\n<p>&nbsp;<\/p>\n<p>&nbsp;<\/p>\n<p>&nbsp;<\/p>\n<figure id=\"attachment_7993\" aria-describedby=\"caption-attachment-7993\" style=\"width: 300px\" class=\"wp-caption alignnone\"><img loading=\"lazy\" decoding=\"async\" class=\"wp-image-7993 size-medium\" src=\"https:\/\/www.kbecan.com\/wp-content\/uploads\/2022\/09\/val-galina-belluno-dolomiti-300x200.jpg\" alt=\"\" width=\"300\" height=\"200\" srcset=\"https:\/\/www.kbecan.com\/wp-content\/uploads\/2022\/09\/val-galina-belluno-dolomiti-300x200.jpg 300w, https:\/\/www.kbecan.com\/wp-content\/uploads\/2022\/09\/val-galina-belluno-dolomiti-1024x682.jpg 1024w, https:\/\/www.kbecan.com\/wp-content\/uploads\/2022\/09\/val-galina-belluno-dolomiti-768x512.jpg 768w, https:\/\/www.kbecan.com\/wp-content\/uploads\/2022\/09\/val-galina-belluno-dolomiti-1536x1024.jpg 1536w, https:\/\/www.kbecan.com\/wp-content\/uploads\/2022\/09\/val-galina-belluno-dolomiti-250x167.jpg 250w, https:\/\/www.kbecan.com\/wp-content\/uploads\/2022\/09\/val-galina-belluno-dolomiti-550x367.jpg 550w, https:\/\/www.kbecan.com\/wp-content\/uploads\/2022\/09\/val-galina-belluno-dolomiti-800x533.jpg 800w, https:\/\/www.kbecan.com\/wp-content\/uploads\/2022\/09\/val-galina-belluno-dolomiti-270x180.jpg 270w, https:\/\/www.kbecan.com\/wp-content\/uploads\/2022\/09\/val-galina-belluno-dolomiti-450x300.jpg 450w, https:\/\/www.kbecan.com\/wp-content\/uploads\/2022\/09\/val-galina-belluno-dolomiti-750x500.jpg 750w, https:\/\/www.kbecan.com\/wp-content\/uploads\/2022\/09\/val-galina-belluno-dolomiti-600x400.jpg 600w, https:\/\/www.kbecan.com\/wp-content\/uploads\/2022\/09\/val-galina-belluno-dolomiti-272x182.jpg 272w, https:\/\/www.kbecan.com\/wp-content\/uploads\/2022\/09\/val-galina-belluno-dolomiti.jpg 2000w\" sizes=\"auto, (max-width: 300px) 100vw, 300px\" \/><figcaption id=\"caption-attachment-7993\" class=\"wp-caption-text\">Val Gallina multi-pitch. Zelo lepa stena.<\/figcaption><\/figure>\n<p><img loading=\"lazy\" decoding=\"async\" class=\"size-medium wp-image-7735 alignright\" src=\"https:\/\/www.kbecan.com\/wp-content\/uploads\/2022\/01\/Dolomiti-Bellunesi-climbing-adventure-8-300x200.jpg\" alt=\"\" width=\"300\" height=\"200\" srcset=\"https:\/\/www.kbecan.com\/wp-content\/uploads\/2022\/01\/Dolomiti-Bellunesi-climbing-adventure-8-300x200.jpg 300w, https:\/\/www.kbecan.com\/wp-content\/uploads\/2022\/01\/Dolomiti-Bellunesi-climbing-adventure-8-1024x683.jpg 1024w, https:\/\/www.kbecan.com\/wp-content\/uploads\/2022\/01\/Dolomiti-Bellunesi-climbing-adventure-8-768x512.jpg 768w, https:\/\/www.kbecan.com\/wp-content\/uploads\/2022\/01\/Dolomiti-Bellunesi-climbing-adventure-8-1536x1024.jpg 1536w, https:\/\/www.kbecan.com\/wp-content\/uploads\/2022\/01\/Dolomiti-Bellunesi-climbing-adventure-8-250x167.jpg 250w, https:\/\/www.kbecan.com\/wp-content\/uploads\/2022\/01\/Dolomiti-Bellunesi-climbing-adventure-8-550x367.jpg 550w, https:\/\/www.kbecan.com\/wp-content\/uploads\/2022\/01\/Dolomiti-Bellunesi-climbing-adventure-8-800x534.jpg 800w, https:\/\/www.kbecan.com\/wp-content\/uploads\/2022\/01\/Dolomiti-Bellunesi-climbing-adventure-8-270x180.jpg 270w, https:\/\/www.kbecan.com\/wp-content\/uploads\/2022\/01\/Dolomiti-Bellunesi-climbing-adventure-8-450x300.jpg 450w, https:\/\/www.kbecan.com\/wp-content\/uploads\/2022\/01\/Dolomiti-Bellunesi-climbing-adventure-8-750x500.jpg 750w, https:\/\/www.kbecan.com\/wp-content\/uploads\/2022\/01\/Dolomiti-Bellunesi-climbing-adventure-8-600x400.jpg 600w, https:\/\/www.kbecan.com\/wp-content\/uploads\/2022\/01\/Dolomiti-Bellunesi-climbing-adventure-8-272x182.jpg 272w, https:\/\/www.kbecan.com\/wp-content\/uploads\/2022\/01\/Dolomiti-Bellunesi-climbing-adventure-8.jpg 1600w\" sizes=\"auto, (max-width: 300px) 100vw, 300px\" \/> <img loading=\"lazy\" decoding=\"async\" class=\"alignnone size-medium wp-image-7731\" src=\"https:\/\/www.kbecan.com\/wp-content\/uploads\/2022\/01\/Dolomiti-Bellunesi-climbing-adventure-6-300x200.jpg\" alt=\"\" width=\"300\" height=\"200\" srcset=\"https:\/\/www.kbecan.com\/wp-content\/uploads\/2022\/01\/Dolomiti-Bellunesi-climbing-adventure-6-300x200.jpg 300w, https:\/\/www.kbecan.com\/wp-content\/uploads\/2022\/01\/Dolomiti-Bellunesi-climbing-adventure-6-1024x683.jpg 1024w, https:\/\/www.kbecan.com\/wp-content\/uploads\/2022\/01\/Dolomiti-Bellunesi-climbing-adventure-6-768x512.jpg 768w, https:\/\/www.kbecan.com\/wp-content\/uploads\/2022\/01\/Dolomiti-Bellunesi-climbing-adventure-6-1536x1024.jpg 1536w, https:\/\/www.kbecan.com\/wp-content\/uploads\/2022\/01\/Dolomiti-Bellunesi-climbing-adventure-6-250x167.jpg 250w, https:\/\/www.kbecan.com\/wp-content\/uploads\/2022\/01\/Dolomiti-Bellunesi-climbing-adventure-6-550x367.jpg 550w, https:\/\/www.kbecan.com\/wp-content\/uploads\/2022\/01\/Dolomiti-Bellunesi-climbing-adventure-6-800x534.jpg 800w, https:\/\/www.kbecan.com\/wp-content\/uploads\/2022\/01\/Dolomiti-Bellunesi-climbing-adventure-6-270x180.jpg 270w, https:\/\/www.kbecan.com\/wp-content\/uploads\/2022\/01\/Dolomiti-Bellunesi-climbing-adventure-6-450x300.jpg 450w, https:\/\/www.kbecan.com\/wp-content\/uploads\/2022\/01\/Dolomiti-Bellunesi-climbing-adventure-6-750x500.jpg 750w, https:\/\/www.kbecan.com\/wp-content\/uploads\/2022\/01\/Dolomiti-Bellunesi-climbing-adventure-6-600x400.jpg 600w, https:\/\/www.kbecan.com\/wp-content\/uploads\/2022\/01\/Dolomiti-Bellunesi-climbing-adventure-6-272x182.jpg 272w, https:\/\/www.kbecan.com\/wp-content\/uploads\/2022\/01\/Dolomiti-Bellunesi-climbing-adventure-6.jpg 1600w\" sizes=\"auto, (max-width: 300px) 100vw, 300px\" \/><\/p>\n<p>Nekaj \u200b\u200bkilometrov ju\u017eno od Longaroneja je plezali\u0161\u010de <strong>Val Gallina<\/strong>. Stena je skrita od glavne ceste in je lep kos skale z nekaj \u0161portnimi, ve\u010drazte\u017eajkami in feratami.\u00a0 <strong>Gallina<\/strong> je kot nala\u0161\u010d za u\u017eivanje v miru in ohladitvi v reki s kombinacijo plezanja in dneva piknika. Plezanje je zelo podobno dolomitskemu plezanju in lahko dobite malo gorskega terena. Via ferate so super za dobro razgibavanje za dan po\u010ditka.<\/p>\n<figure id=\"attachment_8087\" aria-describedby=\"caption-attachment-8087\" style=\"width: 146px\" class=\"wp-caption alignleft\"><img loading=\"lazy\" decoding=\"async\" class=\"wp-image-8087 size-medium\" src=\"https:\/\/www.kbecan.com\/wp-content\/uploads\/2022\/09\/malcolm-146x300.jpg\" alt=\"\" width=\"146\" height=\"300\" srcset=\"https:\/\/www.kbecan.com\/wp-content\/uploads\/2022\/09\/malcolm-146x300.jpg 146w, https:\/\/www.kbecan.com\/wp-content\/uploads\/2022\/09\/malcolm-498x1024.jpg 498w, https:\/\/www.kbecan.com\/wp-content\/uploads\/2022\/09\/malcolm-768x1581.jpg 768w, https:\/\/www.kbecan.com\/wp-content\/uploads\/2022\/09\/malcolm-746x1536.jpg 746w, https:\/\/www.kbecan.com\/wp-content\/uploads\/2022\/09\/malcolm-995x2048.jpg 995w, https:\/\/www.kbecan.com\/wp-content\/uploads\/2022\/09\/malcolm-250x515.jpg 250w, https:\/\/www.kbecan.com\/wp-content\/uploads\/2022\/09\/malcolm-550x1132.jpg 550w, https:\/\/www.kbecan.com\/wp-content\/uploads\/2022\/09\/malcolm-800x1647.jpg 800w, https:\/\/www.kbecan.com\/wp-content\/uploads\/2022\/09\/malcolm-87x180.jpg 87w, https:\/\/www.kbecan.com\/wp-content\/uploads\/2022\/09\/malcolm-243x500.jpg 243w, https:\/\/www.kbecan.com\/wp-content\/uploads\/2022\/09\/malcolm-600x1235.jpg 600w, https:\/\/www.kbecan.com\/wp-content\/uploads\/2022\/09\/malcolm-scaled.jpg 1244w\" sizes=\"auto, (max-width: 146px) 100vw, 146px\" \/><figcaption id=\"caption-attachment-8087\" class=\"wp-caption-text\">Malcolm sector v Longarone.<\/figcaption><\/figure>\n<figure id=\"attachment_8091\" aria-describedby=\"caption-attachment-8091\" style=\"width: 300px\" class=\"wp-caption alignleft\"><img loading=\"lazy\" decoding=\"async\" class=\"wp-image-8091 size-medium\" src=\"https:\/\/www.kbecan.com\/wp-content\/uploads\/2022\/09\/river-piave-belluno-dolomiti-300x275.jpg\" alt=\"\" width=\"300\" height=\"275\" srcset=\"https:\/\/www.kbecan.com\/wp-content\/uploads\/2022\/09\/river-piave-belluno-dolomiti-300x275.jpg 300w, https:\/\/www.kbecan.com\/wp-content\/uploads\/2022\/09\/river-piave-belluno-dolomiti-1024x939.jpg 1024w, https:\/\/www.kbecan.com\/wp-content\/uploads\/2022\/09\/river-piave-belluno-dolomiti-768x705.jpg 768w, https:\/\/www.kbecan.com\/wp-content\/uploads\/2022\/09\/river-piave-belluno-dolomiti-1536x1409.jpg 1536w, https:\/\/www.kbecan.com\/wp-content\/uploads\/2022\/09\/river-piave-belluno-dolomiti-2048x1879.jpg 2048w, https:\/\/www.kbecan.com\/wp-content\/uploads\/2022\/09\/river-piave-belluno-dolomiti-250x229.jpg 250w, https:\/\/www.kbecan.com\/wp-content\/uploads\/2022\/09\/river-piave-belluno-dolomiti-550x505.jpg 550w, https:\/\/www.kbecan.com\/wp-content\/uploads\/2022\/09\/river-piave-belluno-dolomiti-800x734.jpg 800w, https:\/\/www.kbecan.com\/wp-content\/uploads\/2022\/09\/river-piave-belluno-dolomiti-196x180.jpg 196w, https:\/\/www.kbecan.com\/wp-content\/uploads\/2022\/09\/river-piave-belluno-dolomiti-327x300.jpg 327w, https:\/\/www.kbecan.com\/wp-content\/uploads\/2022\/09\/river-piave-belluno-dolomiti-545x500.jpg 545w, https:\/\/www.kbecan.com\/wp-content\/uploads\/2022\/09\/river-piave-belluno-dolomiti-600x550.jpg 600w\" sizes=\"auto, (max-width: 300px) 100vw, 300px\" \/><figcaption id=\"caption-attachment-8091\" class=\"wp-caption-text\">Reka Piave.<\/figcaption><\/figure>\n<figure id=\"attachment_7963\" aria-describedby=\"caption-attachment-7963\" style=\"width: 169px\" class=\"wp-caption alignright\"><img loading=\"lazy\" decoding=\"async\" class=\"wp-image-7963 size-medium\" src=\"https:\/\/www.kbecan.com\/wp-content\/uploads\/2022\/09\/20220524_131311-169x300.jpg\" alt=\"\" width=\"169\" height=\"300\" srcset=\"https:\/\/www.kbecan.com\/wp-content\/uploads\/2022\/09\/20220524_131311-169x300.jpg 169w, https:\/\/www.kbecan.com\/wp-content\/uploads\/2022\/09\/20220524_131311-576x1024.jpg 576w, https:\/\/www.kbecan.com\/wp-content\/uploads\/2022\/09\/20220524_131311-768x1366.jpg 768w, https:\/\/www.kbecan.com\/wp-content\/uploads\/2022\/09\/20220524_131311-863x1536.jpg 863w, https:\/\/www.kbecan.com\/wp-content\/uploads\/2022\/09\/20220524_131311-1151x2048.jpg 1151w, https:\/\/www.kbecan.com\/wp-content\/uploads\/2022\/09\/20220524_131311-250x445.jpg 250w, https:\/\/www.kbecan.com\/wp-content\/uploads\/2022\/09\/20220524_131311-550x978.jpg 550w, https:\/\/www.kbecan.com\/wp-content\/uploads\/2022\/09\/20220524_131311-800x1423.jpg 800w, https:\/\/www.kbecan.com\/wp-content\/uploads\/2022\/09\/20220524_131311-101x180.jpg 101w, https:\/\/www.kbecan.com\/wp-content\/uploads\/2022\/09\/20220524_131311-281x500.jpg 281w, https:\/\/www.kbecan.com\/wp-content\/uploads\/2022\/09\/20220524_131311-600x1067.jpg 600w, https:\/\/www.kbecan.com\/wp-content\/uploads\/2022\/09\/20220524_131311-scaled.jpg 1439w\" sizes=\"auto, (max-width: 169px) 100vw, 169px\" \/><figcaption id=\"caption-attachment-7963\" class=\"wp-caption-text\">Dolada.<\/figcaption><\/figure>\n<p>\u010ce si \u017eelite gorskih do\u017eivetij z zelo solidnim plezanjem po sivem plo\u0161\u010datem apnencu, je planina Dolada prava izbira.\u00a0 Z Dolade ob\u010dudujete \u010dudovit razgled na jezero Santa Croce.<\/p>\n<p>In nekaj sektorjev je skritih okoli jezera Santa Croce. Eden najbolj\u0161ih sektorjev v bli\u017eini jezera je <strong>Fadalto Basso<\/strong>, ki prvotno pripada provinci Treviso. V Fadaltu smo plezali navpi\u010dne in rahlo previsne smeri s krimpi in tehni\u010dnim plezanjem. Rekla bi, da so bile precej te\u017eke za ocene in zelo tehni\u010dne. Fadalto sploh ni najla\u017eja skala. Pri smereh 6b je treba trdo delati. Zdelo se je te\u017eje kot 7a v Gr\u010diji.:=)<\/p>\n<p>\u0160e dve plezali\u0161\u010di bom opisal v objavi.\u00a0 Eno je blizu mesta Belluno, imenuje se <strong>Ceresera.<\/strong> Druga, blizu Sedica pa je <strong>Le Rosse<\/strong>. Ceresera je skrita v gozdu, stena pa je ve\u010dinoma previsna, la\u017ejih smeri ni veliko, ampak zelo lepa strma 6b, z dobrimi \u0161alcami in zelo zanimivo skalo.<\/p>\n<p>Nedale\u010d od Belluna, blizu vasi Sedico, je <strong>Le Rosse<\/strong> z navpi\u010dnimi in tehni\u010dnimi smermi, ve\u010dinoma 6a, 6a+ in 6b v sektorju Archi. V drugem sektorju je Cave bolj ali manj enak slog, le nekoliko te\u017eji. Ta sektor je zelo dober za vadbo no\u017enih tehnik na trdni zgubani skali.<\/p>\n<figure id=\"attachment_8072\" aria-describedby=\"caption-attachment-8072\" style=\"width: 300px\" class=\"wp-caption alignleft\"><img loading=\"lazy\" decoding=\"async\" class=\"wp-image-8072 size-medium\" src=\"https:\/\/www.kbecan.com\/wp-content\/uploads\/2022\/09\/bellunesi-waterfall-300x169.jpg\" alt=\"\" width=\"300\" height=\"169\" srcset=\"https:\/\/www.kbecan.com\/wp-content\/uploads\/2022\/09\/bellunesi-waterfall-300x169.jpg 300w, https:\/\/www.kbecan.com\/wp-content\/uploads\/2022\/09\/bellunesi-waterfall-1024x576.jpg 1024w, https:\/\/www.kbecan.com\/wp-content\/uploads\/2022\/09\/bellunesi-waterfall-768x432.jpg 768w, https:\/\/www.kbecan.com\/wp-content\/uploads\/2022\/09\/bellunesi-waterfall-1536x863.jpg 1536w, https:\/\/www.kbecan.com\/wp-content\/uploads\/2022\/09\/bellunesi-waterfall-2048x1151.jpg 2048w, https:\/\/www.kbecan.com\/wp-content\/uploads\/2022\/09\/bellunesi-waterfall-428x242.jpg 428w, https:\/\/www.kbecan.com\/wp-content\/uploads\/2022\/09\/bellunesi-waterfall-250x141.jpg 250w, https:\/\/www.kbecan.com\/wp-content\/uploads\/2022\/09\/bellunesi-waterfall-550x309.jpg 550w, https:\/\/www.kbecan.com\/wp-content\/uploads\/2022\/09\/bellunesi-waterfall-800x450.jpg 800w, https:\/\/www.kbecan.com\/wp-content\/uploads\/2022\/09\/bellunesi-waterfall-320x180.jpg 320w, https:\/\/www.kbecan.com\/wp-content\/uploads\/2022\/09\/bellunesi-waterfall-534x300.jpg 534w, https:\/\/www.kbecan.com\/wp-content\/uploads\/2022\/09\/bellunesi-waterfall-889x500.jpg 889w, https:\/\/www.kbecan.com\/wp-content\/uploads\/2022\/09\/bellunesi-waterfall-600x337.jpg 600w\" sizes=\"auto, (max-width: 300px) 100vw, 300px\" \/><figcaption id=\"caption-attachment-8072\" class=\"wp-caption-text\">Waterfall Cornolade, near lake Santa Croce.<\/figcaption><\/figure>\n<figure id=\"attachment_8074\" aria-describedby=\"caption-attachment-8074\" style=\"width: 300px\" class=\"wp-caption alignleft\"><img loading=\"lazy\" decoding=\"async\" class=\"wp-image-8074 size-medium\" src=\"https:\/\/www.kbecan.com\/wp-content\/uploads\/2022\/09\/Dolada-mountain-300x169.jpg\" alt=\"\" width=\"300\" height=\"169\" srcset=\"https:\/\/www.kbecan.com\/wp-content\/uploads\/2022\/09\/Dolada-mountain-300x169.jpg 300w, https:\/\/www.kbecan.com\/wp-content\/uploads\/2022\/09\/Dolada-mountain-1024x576.jpg 1024w, https:\/\/www.kbecan.com\/wp-content\/uploads\/2022\/09\/Dolada-mountain-768x432.jpg 768w, https:\/\/www.kbecan.com\/wp-content\/uploads\/2022\/09\/Dolada-mountain-1536x863.jpg 1536w, https:\/\/www.kbecan.com\/wp-content\/uploads\/2022\/09\/Dolada-mountain-2048x1151.jpg 2048w, https:\/\/www.kbecan.com\/wp-content\/uploads\/2022\/09\/Dolada-mountain-428x242.jpg 428w, https:\/\/www.kbecan.com\/wp-content\/uploads\/2022\/09\/Dolada-mountain-250x141.jpg 250w, https:\/\/www.kbecan.com\/wp-content\/uploads\/2022\/09\/Dolada-mountain-550x309.jpg 550w, https:\/\/www.kbecan.com\/wp-content\/uploads\/2022\/09\/Dolada-mountain-800x450.jpg 800w, https:\/\/www.kbecan.com\/wp-content\/uploads\/2022\/09\/Dolada-mountain-320x180.jpg 320w, https:\/\/www.kbecan.com\/wp-content\/uploads\/2022\/09\/Dolada-mountain-534x300.jpg 534w, https:\/\/www.kbecan.com\/wp-content\/uploads\/2022\/09\/Dolada-mountain-889x500.jpg 889w, https:\/\/www.kbecan.com\/wp-content\/uploads\/2022\/09\/Dolada-mountain-600x337.jpg 600w\" sizes=\"auto, (max-width: 300px) 100vw, 300px\" \/><figcaption id=\"caption-attachment-8074\" class=\"wp-caption-text\">Dolada rocks.<\/figcaption><\/figure>\n<p>Obiskali smo \u0161e druge stene, ki so tudi v vodniku, vendar jih je bilo nekaj zelo te\u017eko najti in po 1 uri iskanja niso izpolnila na\u0161ih pri\u010dakovanj. V\u010dasih smo iskali eno skalo, potem pa na\u0161li nekaj drugega. Mogo\u010de je kdo kaj privil in pustil ali&#8230;ne vem. Skale najdemo povsod in veliko. In to nam je malo sme\u0161no in zabavno. Plezali\u0161\u010da okoli Belluna so ena najbolj\u0161ih plezali\u0161\u010d na majhnem obmo\u010dju z odli\u010dnim plezanjem v \u010dudovitih gorah in dolinah. Naslednji\u010d bom govoril o plezali\u0161\u010dih okoli Agorda.<\/p>\n<p><em>Napisala Anja.<\/em><\/p>\n<p><img loading=\"lazy\" decoding=\"async\" class=\"size-medium wp-image-8070 alignleft\" src=\"https:\/\/www.kbecan.com\/wp-content\/uploads\/2022\/09\/20220604_134949-169x300.jpg\" alt=\"\" width=\"169\" height=\"300\" srcset=\"https:\/\/www.kbecan.com\/wp-content\/uploads\/2022\/09\/20220604_134949-169x300.jpg 169w, https:\/\/www.kbecan.com\/wp-content\/uploads\/2022\/09\/20220604_134949-576x1024.jpg 576w, https:\/\/www.kbecan.com\/wp-content\/uploads\/2022\/09\/20220604_134949-768x1366.jpg 768w, https:\/\/www.kbecan.com\/wp-content\/uploads\/2022\/09\/20220604_134949-863x1536.jpg 863w, https:\/\/www.kbecan.com\/wp-content\/uploads\/2022\/09\/20220604_134949-1151x2048.jpg 1151w, https:\/\/www.kbecan.com\/wp-content\/uploads\/2022\/09\/20220604_134949-250x445.jpg 250w, https:\/\/www.kbecan.com\/wp-content\/uploads\/2022\/09\/20220604_134949-550x978.jpg 550w, https:\/\/www.kbecan.com\/wp-content\/uploads\/2022\/09\/20220604_134949-800x1423.jpg 800w, https:\/\/www.kbecan.com\/wp-content\/uploads\/2022\/09\/20220604_134949-101x180.jpg 101w, https:\/\/www.kbecan.com\/wp-content\/uploads\/2022\/09\/20220604_134949-281x500.jpg 281w, https:\/\/www.kbecan.com\/wp-content\/uploads\/2022\/09\/20220604_134949-600x1067.jpg 600w, https:\/\/www.kbecan.com\/wp-content\/uploads\/2022\/09\/20220604_134949-scaled.jpg 1439w\" sizes=\"auto, (max-width: 169px) 100vw, 169px\" \/><\/p>\n<p>&nbsp;<\/p>\n<p>&nbsp;<\/p>\n<figure id=\"attachment_7749\" aria-describedby=\"caption-attachment-7749\" style=\"width: 300px\" class=\"wp-caption alignleft\"><img loading=\"lazy\" decoding=\"async\" class=\"wp-image-7749 size-medium\" src=\"https:\/\/www.kbecan.com\/wp-content\/uploads\/2022\/01\/Dolomiti-Bellunesi-climbing-adventure-16-300x200.jpg\" alt=\"\" width=\"300\" height=\"200\" srcset=\"https:\/\/www.kbecan.com\/wp-content\/uploads\/2022\/01\/Dolomiti-Bellunesi-climbing-adventure-16-300x200.jpg 300w, https:\/\/www.kbecan.com\/wp-content\/uploads\/2022\/01\/Dolomiti-Bellunesi-climbing-adventure-16-1024x683.jpg 1024w, https:\/\/www.kbecan.com\/wp-content\/uploads\/2022\/01\/Dolomiti-Bellunesi-climbing-adventure-16-768x512.jpg 768w, https:\/\/www.kbecan.com\/wp-content\/uploads\/2022\/01\/Dolomiti-Bellunesi-climbing-adventure-16-1536x1024.jpg 1536w, https:\/\/www.kbecan.com\/wp-content\/uploads\/2022\/01\/Dolomiti-Bellunesi-climbing-adventure-16-250x167.jpg 250w, https:\/\/www.kbecan.com\/wp-content\/uploads\/2022\/01\/Dolomiti-Bellunesi-climbing-adventure-16-550x367.jpg 550w, https:\/\/www.kbecan.com\/wp-content\/uploads\/2022\/01\/Dolomiti-Bellunesi-climbing-adventure-16-800x534.jpg 800w, https:\/\/www.kbecan.com\/wp-content\/uploads\/2022\/01\/Dolomiti-Bellunesi-climbing-adventure-16-270x180.jpg 270w, https:\/\/www.kbecan.com\/wp-content\/uploads\/2022\/01\/Dolomiti-Bellunesi-climbing-adventure-16-450x300.jpg 450w, https:\/\/www.kbecan.com\/wp-content\/uploads\/2022\/01\/Dolomiti-Bellunesi-climbing-adventure-16-750x500.jpg 750w, https:\/\/www.kbecan.com\/wp-content\/uploads\/2022\/01\/Dolomiti-Bellunesi-climbing-adventure-16-600x400.jpg 600w, https:\/\/www.kbecan.com\/wp-content\/uploads\/2022\/01\/Dolomiti-Bellunesi-climbing-adventure-16-272x182.jpg 272w, https:\/\/www.kbecan.com\/wp-content\/uploads\/2022\/01\/Dolomiti-Bellunesi-climbing-adventure-16.jpg 1600w\" sizes=\"auto, (max-width: 300px) 100vw, 300px\" \/><figcaption id=\"caption-attachment-7749\" class=\"wp-caption-text\">Pogled iz vasi Casso.<\/figcaption><\/figure>\n<figure id=\"attachment_8097\" aria-describedby=\"caption-attachment-8097\" style=\"width: 300px\" class=\"wp-caption alignleft\"><img loading=\"lazy\" decoding=\"async\" class=\"wp-image-8097 size-medium\" src=\"https:\/\/www.kbecan.com\/wp-content\/uploads\/2022\/09\/20210916_165356-300x146.jpg\" alt=\"\" width=\"300\" height=\"146\" srcset=\"https:\/\/www.kbecan.com\/wp-content\/uploads\/2022\/09\/20210916_165356-300x146.jpg 300w, https:\/\/www.kbecan.com\/wp-content\/uploads\/2022\/09\/20210916_165356-1024x498.jpg 1024w, https:\/\/www.kbecan.com\/wp-content\/uploads\/2022\/09\/20210916_165356-768x373.jpg 768w, https:\/\/www.kbecan.com\/wp-content\/uploads\/2022\/09\/20210916_165356-1536x746.jpg 1536w, https:\/\/www.kbecan.com\/wp-content\/uploads\/2022\/09\/20210916_165356-2048x995.jpg 2048w, https:\/\/www.kbecan.com\/wp-content\/uploads\/2022\/09\/20210916_165356-250x121.jpg 250w, https:\/\/www.kbecan.com\/wp-content\/uploads\/2022\/09\/20210916_165356-550x267.jpg 550w, https:\/\/www.kbecan.com\/wp-content\/uploads\/2022\/09\/20210916_165356-800x389.jpg 800w, https:\/\/www.kbecan.com\/wp-content\/uploads\/2022\/09\/20210916_165356-370x180.jpg 370w, https:\/\/www.kbecan.com\/wp-content\/uploads\/2022\/09\/20210916_165356-617x300.jpg 617w, https:\/\/www.kbecan.com\/wp-content\/uploads\/2022\/09\/20210916_165356-1029x500.jpg 1029w, https:\/\/www.kbecan.com\/wp-content\/uploads\/2022\/09\/20210916_165356-600x292.jpg 600w\" sizes=\"auto, (max-width: 300px) 100vw, 300px\" \/><figcaption id=\"caption-attachment-8097\" class=\"wp-caption-text\">Igne sector.<\/figcaption><\/figure>\n<figure id=\"attachment_8100\" aria-describedby=\"caption-attachment-8100\" style=\"width: 300px\" class=\"wp-caption alignright\"><img loading=\"lazy\" decoding=\"async\" class=\"wp-image-8100 size-medium\" src=\"https:\/\/www.kbecan.com\/wp-content\/uploads\/2022\/09\/Dolomiti-Bellunesi-climbing-adventure-5-300x200.jpg\" alt=\"\" width=\"300\" height=\"200\" srcset=\"https:\/\/www.kbecan.com\/wp-content\/uploads\/2022\/09\/Dolomiti-Bellunesi-climbing-adventure-5-300x200.jpg 300w, https:\/\/www.kbecan.com\/wp-content\/uploads\/2022\/09\/Dolomiti-Bellunesi-climbing-adventure-5-1024x683.jpg 1024w, https:\/\/www.kbecan.com\/wp-content\/uploads\/2022\/09\/Dolomiti-Bellunesi-climbing-adventure-5-768x512.jpg 768w, https:\/\/www.kbecan.com\/wp-content\/uploads\/2022\/09\/Dolomiti-Bellunesi-climbing-adventure-5-1536x1024.jpg 1536w, https:\/\/www.kbecan.com\/wp-content\/uploads\/2022\/09\/Dolomiti-Bellunesi-climbing-adventure-5-250x167.jpg 250w, https:\/\/www.kbecan.com\/wp-content\/uploads\/2022\/09\/Dolomiti-Bellunesi-climbing-adventure-5-550x367.jpg 550w, https:\/\/www.kbecan.com\/wp-content\/uploads\/2022\/09\/Dolomiti-Bellunesi-climbing-adventure-5-800x534.jpg 800w, https:\/\/www.kbecan.com\/wp-content\/uploads\/2022\/09\/Dolomiti-Bellunesi-climbing-adventure-5-270x180.jpg 270w, https:\/\/www.kbecan.com\/wp-content\/uploads\/2022\/09\/Dolomiti-Bellunesi-climbing-adventure-5-450x300.jpg 450w, https:\/\/www.kbecan.com\/wp-content\/uploads\/2022\/09\/Dolomiti-Bellunesi-climbing-adventure-5-750x500.jpg 750w, https:\/\/www.kbecan.com\/wp-content\/uploads\/2022\/09\/Dolomiti-Bellunesi-climbing-adventure-5-600x400.jpg 600w, https:\/\/www.kbecan.com\/wp-content\/uploads\/2022\/09\/Dolomiti-Bellunesi-climbing-adventure-5-272x182.jpg 272w, https:\/\/www.kbecan.com\/wp-content\/uploads\/2022\/09\/Dolomiti-Bellunesi-climbing-adventure-5.jpg 1600w\" sizes=\"auto, (max-width: 300px) 100vw, 300px\" \/><figcaption id=\"caption-attachment-8100\" class=\"wp-caption-text\">Jezero Mis zjutraj.<\/figcaption><\/figure>\n<figure id=\"attachment_8095\" aria-describedby=\"caption-attachment-8095\" style=\"width: 146px\" class=\"wp-caption alignleft\"><img loading=\"lazy\" decoding=\"async\" class=\"wp-image-8095 size-medium\" src=\"https:\/\/www.kbecan.com\/wp-content\/uploads\/2022\/09\/20210916_160938-146x300.jpg\" alt=\"\" width=\"146\" height=\"300\" srcset=\"https:\/\/www.kbecan.com\/wp-content\/uploads\/2022\/09\/20210916_160938-146x300.jpg 146w, https:\/\/www.kbecan.com\/wp-content\/uploads\/2022\/09\/20210916_160938-498x1024.jpg 498w, https:\/\/www.kbecan.com\/wp-content\/uploads\/2022\/09\/20210916_160938-768x1581.jpg 768w, https:\/\/www.kbecan.com\/wp-content\/uploads\/2022\/09\/20210916_160938-746x1536.jpg 746w, https:\/\/www.kbecan.com\/wp-content\/uploads\/2022\/09\/20210916_160938-995x2048.jpg 995w, https:\/\/www.kbecan.com\/wp-content\/uploads\/2022\/09\/20210916_160938-250x515.jpg 250w, https:\/\/www.kbecan.com\/wp-content\/uploads\/2022\/09\/20210916_160938-550x1132.jpg 550w, https:\/\/www.kbecan.com\/wp-content\/uploads\/2022\/09\/20210916_160938-800x1647.jpg 800w, https:\/\/www.kbecan.com\/wp-content\/uploads\/2022\/09\/20210916_160938-87x180.jpg 87w, https:\/\/www.kbecan.com\/wp-content\/uploads\/2022\/09\/20210916_160938-243x500.jpg 243w, https:\/\/www.kbecan.com\/wp-content\/uploads\/2022\/09\/20210916_160938-600x1235.jpg 600w, https:\/\/www.kbecan.com\/wp-content\/uploads\/2022\/09\/20210916_160938-scaled.jpg 1244w\" sizes=\"auto, (max-width: 146px) 100vw, 146px\" \/><figcaption id=\"caption-attachment-8095\" class=\"wp-caption-text\">Igne, mo\u017eno je plezati ob de\u017eju<\/figcaption><\/figure>\n<p>,<\/p>\n<p>&nbsp;<\/p>\n<p>&nbsp;<\/p>\n<p>&nbsp;<\/p>\n<p>&nbsp;<\/p>\n<p><img loading=\"lazy\" decoding=\"async\" class=\"alignnone size-medium wp-image-7745\" src=\"https:\/\/www.kbecan.com\/wp-content\/uploads\/2022\/01\/Dolomiti-Bellunesi-climbing-adventure-14-300x200.jpg\" alt=\"\" width=\"300\" height=\"200\" srcset=\"https:\/\/www.kbecan.com\/wp-content\/uploads\/2022\/01\/Dolomiti-Bellunesi-climbing-adventure-14-300x200.jpg 300w, https:\/\/www.kbecan.com\/wp-content\/uploads\/2022\/01\/Dolomiti-Bellunesi-climbing-adventure-14-1024x683.jpg 1024w, https:\/\/www.kbecan.com\/wp-content\/uploads\/2022\/01\/Dolomiti-Bellunesi-climbing-adventure-14-768x512.jpg 768w, https:\/\/www.kbecan.com\/wp-content\/uploads\/2022\/01\/Dolomiti-Bellunesi-climbing-adventure-14-1536x1024.jpg 1536w, https:\/\/www.kbecan.com\/wp-content\/uploads\/2022\/01\/Dolomiti-Bellunesi-climbing-adventure-14-250x167.jpg 250w, https:\/\/www.kbecan.com\/wp-content\/uploads\/2022\/01\/Dolomiti-Bellunesi-climbing-adventure-14-550x367.jpg 550w, https:\/\/www.kbecan.com\/wp-content\/uploads\/2022\/01\/Dolomiti-Bellunesi-climbing-adventure-14-800x534.jpg 800w, https:\/\/www.kbecan.com\/wp-content\/uploads\/2022\/01\/Dolomiti-Bellunesi-climbing-adventure-14-270x180.jpg 270w, https:\/\/www.kbecan.com\/wp-content\/uploads\/2022\/01\/Dolomiti-Bellunesi-climbing-adventure-14-450x300.jpg 450w, https:\/\/www.kbecan.com\/wp-content\/uploads\/2022\/01\/Dolomiti-Bellunesi-climbing-adventure-14-750x500.jpg 750w, https:\/\/www.kbecan.com\/wp-content\/uploads\/2022\/01\/Dolomiti-Bellunesi-climbing-adventure-14-600x400.jpg 600w, https:\/\/www.kbecan.com\/wp-content\/uploads\/2022\/01\/Dolomiti-Bellunesi-climbing-adventure-14-272x182.jpg 272w, https:\/\/www.kbecan.com\/wp-content\/uploads\/2022\/01\/Dolomiti-Bellunesi-climbing-adventure-14.jpg 1600w\" sizes=\"auto, (max-width: 300px) 100vw, 300px\" \/><\/p>\n<p>&nbsp;<\/p>\n","protected":false},"excerpt":{"rendered":"<p>Aktivne po\u010ditnice v Dolomitih, plezanje in pohodni\u0161tvo Regionalni parki, kot je nacionalni park Dolomiti Bellunesi, se nahajajo v Dolomitih. Dolomiti so razgla\u0161eni za Unescov seznam svetovne dedi\u0161\u010dine.<\/p>\n","protected":false},"author":3,"featured_media":7942,"comment_status":"closed","ping_status":"closed","sticky":false,"template":"","format":"standard","meta":{"_acf_changed":false,"footnotes":""},"categories":[50],"tags":[],"class_list":{"0":"post-8118","1":"post","2":"type-post","3":"status-publish","4":"format-standard","5":"has-post-thumbnail","7":"category-nekategorizirano","8":"clearfix","9":"article"},"acf":[],"yoast_head":"<!-- This site is optimized with the Yoast SEO plugin v26.7 - https:\/\/yoast.com\/wordpress\/plugins\/seo\/ -->\n<title>Poletje v Dolomitih z dru\u017eino 1.del - Climbing coaching Klemen Be\u010dan<\/title>\n<meta name=\"description\" content=\"\u0160portno plezanje v Dolomitih poleti z dru\u017eino v gorah v okolici Belluno. Iskanje plezali\u0161\u010d za za\u010detnike in vsestranske plezalce.\" \/>\n<meta name=\"robots\" content=\"index, follow, max-snippet:-1, max-image-preview:large, max-video-preview:-1\" \/>\n<link rel=\"canonical\" href=\"https:\/\/www.kbecan.com\/sl\/summer-time-in-dolomites-with-family-part-1\/\" \/>\n<meta property=\"og:locale\" content=\"sl_SI\" \/>\n<meta property=\"og:type\" content=\"article\" \/>\n<meta property=\"og:title\" content=\"Poletje v Dolomitih z dru\u017eino 1.del - Climbing coaching Klemen Be\u010dan\" \/>\n<meta property=\"og:description\" content=\"\u0160portno plezanje v Dolomitih poleti z dru\u017eino v gorah v okolici Belluno. Iskanje plezali\u0161\u010d za za\u010detnike in vsestranske plezalce.\" \/>\n<meta property=\"og:url\" content=\"https:\/\/www.kbecan.com\/sl\/summer-time-in-dolomites-with-family-part-1\/\" \/>\n<meta property=\"og:site_name\" content=\"Climbing coaching Klemen Be\u010dan\" \/>\n<meta property=\"article:published_time\" content=\"2022-09-12T15:05:05+00:00\" \/>\n<meta property=\"article:modified_time\" content=\"2025-02-03T13:54:05+00:00\" \/>\n<meta property=\"og:image\" content=\"https:\/\/www.kbecan.com\/wp-content\/uploads\/2022\/09\/cinquetorre-dolomiti-italy.jpg\" \/>\n\t<meta property=\"og:image:width\" content=\"2000\" \/>\n\t<meta property=\"og:image:height\" content=\"1333\" \/>\n\t<meta property=\"og:image:type\" content=\"image\/jpeg\" \/>\n<meta name=\"author\" content=\"Klemen Be\u010dan\" \/>\n<meta name=\"twitter:card\" content=\"summary_large_image\" \/>\n<meta name=\"twitter:label1\" content=\"Written by\" \/>\n\t<meta name=\"twitter:data1\" content=\"Klemen Be\u010dan\" \/>\n\t<meta name=\"twitter:label2\" content=\"Est. reading time\" \/>\n\t<meta name=\"twitter:data2\" content=\"11 minut\" \/>\n<script type=\"application\/ld+json\" class=\"yoast-schema-graph\">{\"@context\":\"https:\/\/schema.org\",\"@graph\":[{\"@type\":\"Article\",\"@id\":\"https:\/\/www.kbecan.com\/sl\/summer-time-in-dolomites-with-family-part-1\/#article\",\"isPartOf\":{\"@id\":\"https:\/\/www.kbecan.com\/sl\/summer-time-in-dolomites-with-family-part-1\/\"},\"author\":{\"name\":\"Klemen Be\u010dan\",\"@id\":\"https:\/\/www.kbecan.com\/#\/schema\/person\/65756ff96a4ed0dcd464dff59ddc485f\"},\"headline\":\"Poletje v Dolomitih z dru\u017eino 1.del\",\"datePublished\":\"2022-09-12T15:05:05+00:00\",\"dateModified\":\"2025-02-03T13:54:05+00:00\",\"mainEntityOfPage\":{\"@id\":\"https:\/\/www.kbecan.com\/sl\/summer-time-in-dolomites-with-family-part-1\/\"},\"wordCount\":1185,\"image\":{\"@id\":\"https:\/\/www.kbecan.com\/sl\/summer-time-in-dolomites-with-family-part-1\/#primaryimage\"},\"thumbnailUrl\":\"https:\/\/www.kbecan.com\/wp-content\/uploads\/2022\/09\/cinquetorre-dolomiti-italy-e1748591271458.jpg\",\"inLanguage\":\"sl-SI\"},{\"@type\":\"WebPage\",\"@id\":\"https:\/\/www.kbecan.com\/sl\/summer-time-in-dolomites-with-family-part-1\/\",\"url\":\"https:\/\/www.kbecan.com\/sl\/summer-time-in-dolomites-with-family-part-1\/\",\"name\":\"Poletje v Dolomitih z dru\u017eino 1.del - Climbing coaching Klemen Be\u010dan\",\"isPartOf\":{\"@id\":\"https:\/\/www.kbecan.com\/#website\"},\"primaryImageOfPage\":{\"@id\":\"https:\/\/www.kbecan.com\/sl\/summer-time-in-dolomites-with-family-part-1\/#primaryimage\"},\"image\":{\"@id\":\"https:\/\/www.kbecan.com\/sl\/summer-time-in-dolomites-with-family-part-1\/#primaryimage\"},\"thumbnailUrl\":\"https:\/\/www.kbecan.com\/wp-content\/uploads\/2022\/09\/cinquetorre-dolomiti-italy-e1748591271458.jpg\",\"datePublished\":\"2022-09-12T15:05:05+00:00\",\"dateModified\":\"2025-02-03T13:54:05+00:00\",\"author\":{\"@id\":\"https:\/\/www.kbecan.com\/#\/schema\/person\/65756ff96a4ed0dcd464dff59ddc485f\"},\"description\":\"\u0160portno plezanje v Dolomitih poleti z dru\u017eino v gorah v okolici Belluno. Iskanje plezali\u0161\u010d za za\u010detnike in vsestranske plezalce.\",\"breadcrumb\":{\"@id\":\"https:\/\/www.kbecan.com\/sl\/summer-time-in-dolomites-with-family-part-1\/#breadcrumb\"},\"inLanguage\":\"sl-SI\",\"potentialAction\":[{\"@type\":\"ReadAction\",\"target\":[\"https:\/\/www.kbecan.com\/sl\/summer-time-in-dolomites-with-family-part-1\/\"]}]},{\"@type\":\"ImageObject\",\"inLanguage\":\"sl-SI\",\"@id\":\"https:\/\/www.kbecan.com\/sl\/summer-time-in-dolomites-with-family-part-1\/#primaryimage\",\"url\":\"https:\/\/www.kbecan.com\/wp-content\/uploads\/2022\/09\/cinquetorre-dolomiti-italy-e1748591271458.jpg\",\"contentUrl\":\"https:\/\/www.kbecan.com\/wp-content\/uploads\/2022\/09\/cinquetorre-dolomiti-italy-e1748591271458.jpg\",\"width\":1200,\"height\":800,\"caption\":\"Dolomiti mountains, Cinque torre.\"},{\"@type\":\"BreadcrumbList\",\"@id\":\"https:\/\/www.kbecan.com\/sl\/summer-time-in-dolomites-with-family-part-1\/#breadcrumb\",\"itemListElement\":[{\"@type\":\"ListItem\",\"position\":1,\"name\":\"Home\",\"item\":\"https:\/\/www.kbecan.com\/sl\/\"},{\"@type\":\"ListItem\",\"position\":2,\"name\":\"Poletje v Dolomitih z dru\u017eino 1.del\"}]},{\"@type\":\"WebSite\",\"@id\":\"https:\/\/www.kbecan.com\/#website\",\"url\":\"https:\/\/www.kbecan.com\/\",\"name\":\"Climbing coaching Klemen Be\u010dan\",\"description\":\"\",\"potentialAction\":[{\"@type\":\"SearchAction\",\"target\":{\"@type\":\"EntryPoint\",\"urlTemplate\":\"https:\/\/www.kbecan.com\/?s={search_term_string}\"},\"query-input\":{\"@type\":\"PropertyValueSpecification\",\"valueRequired\":true,\"valueName\":\"search_term_string\"}}],\"inLanguage\":\"sl-SI\"},{\"@type\":\"Person\",\"@id\":\"https:\/\/www.kbecan.com\/#\/schema\/person\/65756ff96a4ed0dcd464dff59ddc485f\",\"name\":\"Klemen Be\u010dan\",\"image\":{\"@type\":\"ImageObject\",\"inLanguage\":\"sl-SI\",\"@id\":\"https:\/\/www.kbecan.com\/#\/schema\/person\/image\/\",\"url\":\"https:\/\/secure.gravatar.com\/avatar\/cd842aea8a19e198f16b5a0609366e97a3236b2e7f55cd654bfd25ac81419070?s=96&d=mm&r=g\",\"contentUrl\":\"https:\/\/secure.gravatar.com\/avatar\/cd842aea8a19e198f16b5a0609366e97a3236b2e7f55cd654bfd25ac81419070?s=96&d=mm&r=g\",\"caption\":\"Klemen Be\u010dan\"},\"url\":\"https:\/\/www.kbecan.com\/sl\/author\/kbecan\/\"}]}<\/script>\n<!-- \/ Yoast SEO plugin. -->","yoast_head_json":{"title":"Poletje v Dolomitih z dru\u017eino 1.del - Climbing coaching Klemen Be\u010dan","description":"\u0160portno plezanje v Dolomitih poleti z dru\u017eino v gorah v okolici Belluno. Iskanje plezali\u0161\u010d za za\u010detnike in vsestranske plezalce.","robots":{"index":"index","follow":"follow","max-snippet":"max-snippet:-1","max-image-preview":"max-image-preview:large","max-video-preview":"max-video-preview:-1"},"canonical":"https:\/\/www.kbecan.com\/sl\/summer-time-in-dolomites-with-family-part-1\/","og_locale":"sl_SI","og_type":"article","og_title":"Poletje v Dolomitih z dru\u017eino 1.del - Climbing coaching Klemen Be\u010dan","og_description":"\u0160portno plezanje v Dolomitih poleti z dru\u017eino v gorah v okolici Belluno. Iskanje plezali\u0161\u010d za za\u010detnike in vsestranske plezalce.","og_url":"https:\/\/www.kbecan.com\/sl\/summer-time-in-dolomites-with-family-part-1\/","og_site_name":"Climbing coaching Klemen Be\u010dan","article_published_time":"2022-09-12T15:05:05+00:00","article_modified_time":"2025-02-03T13:54:05+00:00","og_image":[{"width":2000,"height":1333,"url":"https:\/\/www.kbecan.com\/wp-content\/uploads\/2022\/09\/cinquetorre-dolomiti-italy.jpg","type":"image\/jpeg"}],"author":"Klemen Be\u010dan","twitter_card":"summary_large_image","twitter_misc":{"Written by":"Klemen Be\u010dan","Est. reading time":"11 minut"},"schema":{"@context":"https:\/\/schema.org","@graph":[{"@type":"Article","@id":"https:\/\/www.kbecan.com\/sl\/summer-time-in-dolomites-with-family-part-1\/#article","isPartOf":{"@id":"https:\/\/www.kbecan.com\/sl\/summer-time-in-dolomites-with-family-part-1\/"},"author":{"name":"Klemen Be\u010dan","@id":"https:\/\/www.kbecan.com\/#\/schema\/person\/65756ff96a4ed0dcd464dff59ddc485f"},"headline":"Poletje v Dolomitih z dru\u017eino 1.del","datePublished":"2022-09-12T15:05:05+00:00","dateModified":"2025-02-03T13:54:05+00:00","mainEntityOfPage":{"@id":"https:\/\/www.kbecan.com\/sl\/summer-time-in-dolomites-with-family-part-1\/"},"wordCount":1185,"image":{"@id":"https:\/\/www.kbecan.com\/sl\/summer-time-in-dolomites-with-family-part-1\/#primaryimage"},"thumbnailUrl":"https:\/\/www.kbecan.com\/wp-content\/uploads\/2022\/09\/cinquetorre-dolomiti-italy-e1748591271458.jpg","inLanguage":"sl-SI"},{"@type":"WebPage","@id":"https:\/\/www.kbecan.com\/sl\/summer-time-in-dolomites-with-family-part-1\/","url":"https:\/\/www.kbecan.com\/sl\/summer-time-in-dolomites-with-family-part-1\/","name":"Poletje v Dolomitih z dru\u017eino 1.del - Climbing coaching Klemen Be\u010dan","isPartOf":{"@id":"https:\/\/www.kbecan.com\/#website"},"primaryImageOfPage":{"@id":"https:\/\/www.kbecan.com\/sl\/summer-time-in-dolomites-with-family-part-1\/#primaryimage"},"image":{"@id":"https:\/\/www.kbecan.com\/sl\/summer-time-in-dolomites-with-family-part-1\/#primaryimage"},"thumbnailUrl":"https:\/\/www.kbecan.com\/wp-content\/uploads\/2022\/09\/cinquetorre-dolomiti-italy-e1748591271458.jpg","datePublished":"2022-09-12T15:05:05+00:00","dateModified":"2025-02-03T13:54:05+00:00","author":{"@id":"https:\/\/www.kbecan.com\/#\/schema\/person\/65756ff96a4ed0dcd464dff59ddc485f"},"description":"\u0160portno plezanje v Dolomitih poleti z dru\u017eino v gorah v okolici Belluno. Iskanje plezali\u0161\u010d za za\u010detnike in vsestranske plezalce.","breadcrumb":{"@id":"https:\/\/www.kbecan.com\/sl\/summer-time-in-dolomites-with-family-part-1\/#breadcrumb"},"inLanguage":"sl-SI","potentialAction":[{"@type":"ReadAction","target":["https:\/\/www.kbecan.com\/sl\/summer-time-in-dolomites-with-family-part-1\/"]}]},{"@type":"ImageObject","inLanguage":"sl-SI","@id":"https:\/\/www.kbecan.com\/sl\/summer-time-in-dolomites-with-family-part-1\/#primaryimage","url":"https:\/\/www.kbecan.com\/wp-content\/uploads\/2022\/09\/cinquetorre-dolomiti-italy-e1748591271458.jpg","contentUrl":"https:\/\/www.kbecan.com\/wp-content\/uploads\/2022\/09\/cinquetorre-dolomiti-italy-e1748591271458.jpg","width":1200,"height":800,"caption":"Dolomiti mountains, Cinque torre."},{"@type":"BreadcrumbList","@id":"https:\/\/www.kbecan.com\/sl\/summer-time-in-dolomites-with-family-part-1\/#breadcrumb","itemListElement":[{"@type":"ListItem","position":1,"name":"Home","item":"https:\/\/www.kbecan.com\/sl\/"},{"@type":"ListItem","position":2,"name":"Poletje v Dolomitih z dru\u017eino 1.del"}]},{"@type":"WebSite","@id":"https:\/\/www.kbecan.com\/#website","url":"https:\/\/www.kbecan.com\/","name":"Climbing coaching Klemen Be\u010dan","description":"","potentialAction":[{"@type":"SearchAction","target":{"@type":"EntryPoint","urlTemplate":"https:\/\/www.kbecan.com\/?s={search_term_string}"},"query-input":{"@type":"PropertyValueSpecification","valueRequired":true,"valueName":"search_term_string"}}],"inLanguage":"sl-SI"},{"@type":"Person","@id":"https:\/\/www.kbecan.com\/#\/schema\/person\/65756ff96a4ed0dcd464dff59ddc485f","name":"Klemen Be\u010dan","image":{"@type":"ImageObject","inLanguage":"sl-SI","@id":"https:\/\/www.kbecan.com\/#\/schema\/person\/image\/","url":"https:\/\/secure.gravatar.com\/avatar\/cd842aea8a19e198f16b5a0609366e97a3236b2e7f55cd654bfd25ac81419070?s=96&d=mm&r=g","contentUrl":"https:\/\/secure.gravatar.com\/avatar\/cd842aea8a19e198f16b5a0609366e97a3236b2e7f55cd654bfd25ac81419070?s=96&d=mm&r=g","caption":"Klemen Be\u010dan"},"url":"https:\/\/www.kbecan.com\/sl\/author\/kbecan\/"}]}},"_links":{"self":[{"href":"https:\/\/www.kbecan.com\/sl\/wp-json\/wp\/v2\/posts\/8118","targetHints":{"allow":["GET"]}}],"collection":[{"href":"https:\/\/www.kbecan.com\/sl\/wp-json\/wp\/v2\/posts"}],"about":[{"href":"https:\/\/www.kbecan.com\/sl\/wp-json\/wp\/v2\/types\/post"}],"author":[{"embeddable":true,"href":"https:\/\/www.kbecan.com\/sl\/wp-json\/wp\/v2\/users\/3"}],"replies":[{"embeddable":true,"href":"https:\/\/www.kbecan.com\/sl\/wp-json\/wp\/v2\/comments?post=8118"}],"version-history":[{"count":4,"href":"https:\/\/www.kbecan.com\/sl\/wp-json\/wp\/v2\/posts\/8118\/revisions"}],"predecessor-version":[{"id":10465,"href":"https:\/\/www.kbecan.com\/sl\/wp-json\/wp\/v2\/posts\/8118\/revisions\/10465"}],"wp:featuredmedia":[{"embeddable":true,"href":"https:\/\/www.kbecan.com\/sl\/wp-json\/wp\/v2\/media\/7942"}],"wp:attachment":[{"href":"https:\/\/www.kbecan.com\/sl\/wp-json\/wp\/v2\/media?parent=8118"}],"wp:term":[{"taxonomy":"category","embeddable":true,"href":"https:\/\/www.kbecan.com\/sl\/wp-json\/wp\/v2\/categories?post=8118"},{"taxonomy":"post_tag","embeddable":true,"href":"https:\/\/www.kbecan.com\/sl\/wp-json\/wp\/v2\/tags?post=8118"}],"curies":[{"name":"wp","href":"https:\/\/api.w.org\/{rel}","templated":true}]}}